[{"@context":"https:\/\/schema.org\/","@type":"Article","@id":"https:\/\/www.iriscrr.cz\/vlastni-byt\/#Article","mainEntityOfPage":"https:\/\/www.iriscrr.cz\/vlastni-byt\/","headline":"Vlastn\u00ed byt","name":"Vlastn\u00ed byt","description":"Pamatuji si, kdy\u017e mi m\u016fj bratr uk\u00e1zal sv\u016fj vlastn\u00ed byt. Jsem z toho opravdu v \u0161oku. Te\u010f n\u011bkdy bych netu\u0161ila [&hellip;]","datePublished":"2021-12-24","dateModified":"2023-05-05","author":{"@type":"Person","@id":"https:\/\/www.iriscrr.cz\/author\/#Person","name":"","url":"https:\/\/www.iriscrr.cz\/author\/","identifier":1,"image":{"@type":"ImageObject","@id":"https:\/\/secure.gravatar.com\/avatar\/163f6c65c8acab43fa062eaf19866aeb6d6c2adc4d5c2462700a89e6feec77a0?s=96&d=mm&r=g","url":"https:\/\/secure.gravatar.com\/avatar\/163f6c65c8acab43fa062eaf19866aeb6d6c2adc4d5c2462700a89e6feec77a0?s=96&d=mm&r=g","height":96,"width":96}},"publisher":{"@type":"Organization","name":"iriscrr.cz","logo":{"@type":"ImageObject","@id":"\/logo.png","url":"\/logo.png","width":600,"height":60}},"image":{"@type":"ImageObject","@id":"https:\/\/www.iriscrr.cz\/wp-content\/uploads\/pexels-expect-best-323780_1.jpg","url":"https:\/\/www.iriscrr.cz\/wp-content\/uploads\/pexels-expect-best-323780_1.jpg","height":0,"width":0},"url":"https:\/\/www.iriscrr.cz\/vlastni-byt\/","about":["Byt"],"wordCount":433,"articleBody":"Pamatuji si, kdy\u017e mi m\u016fj bratr uk\u00e1zal sv\u016fj vlastn\u00ed byt. Jsem z toho opravdu v \u0161oku. Te\u010f n\u011bkdy bych netu\u0161ila to, \u017ee bratr bude m\u00edt sv\u016fj vlastn\u00ed byt. Nav\u00edc te\u010f jsem ani nevid\u011bla, \u017ee m\u00e1 bratr tolik pen\u011bz. On \u0159\u00edkal, \u017ee ten jeho byt je v osobn\u00edm vlastnictv\u00ed. V\u016fbec jsem tomu nerozum\u011bla. Jak ho m\u016f\u017ee m\u00edt bratr ve vlastnictv\u00ed? Kdy\u017e m\u00e1 velmi m\u00e1lo pen\u011bz?\u00a0 Kdy\u017e sotva si splatil auto? Nev\u011bd\u011bla jsem, kde na to vzal pen\u00edze. A mysl\u00edm, \u017ee by mu p\u016fj\u010dku ani nedali. V\u00edte, je mu teprve 19 let. Tak jak by mu dali t\u0159eba dva miliony hypot\u00e9ku? Nav\u00edc, kdy\u017e to tak vezmu, tak v dne\u0161n\u00ed dob\u011b je v\u0161echno velmi drah\u00e9. Tak\u017ee ten byt, kter\u00fd m\u011bl mohl b\u00fdt ur\u010dit\u011b docela drah\u00fd. Mysl\u00edm, \u017ee to bylo t\u0159i plus jedna. co\u017e je na dne\u0161n\u00ed dobu hodn\u011b. A byl to docela p\u011bkn\u00fd byt a mysl\u00edm, \u017ee ta cel\u00e1 bytovka mohla b\u00fdt star\u00e1 maxim\u00e1ln\u011b tak p\u011bt let. Tak\u017ee jsem si \u0159ekla, \u017ee asi musel n\u011bco vyhr\u00e1t. N\u011bjak\u00e9 pen\u00edze. Nicm\u00e9n\u011b jsem se ale potom nep\u00eddila.\u00a0 P\u00eddila se sp\u00ed\u0161 potom moje maminka. Maminku zaj\u00edmalo, kde vzal bratr tolik pen\u011bz. Bratrovi to ale nedalo.A tak se p\u0159iznal. On si vzal p\u0159\u00edtelkyni. On se o\u017eenil a nedal ani nikomu z rodiny v\u011bd\u011bt. Docela smutn\u00e9, \u017ee? Hlavn\u011b, \u017ee j\u00e1 jsme ho pozvala na mou svatbu. No asi cht\u011bli u\u0161et\u0159it pen\u00edze.\u00a0 Ani jsme nev\u011bd\u011bli \u017ee je m\u016fj bratr m\u011bl svatbu. Nicm\u00e9n\u011b ale byli jsme velmi \u0161\u0165astn\u00ed. M\u011blo to b\u00fdt velk\u00e9 p\u0159ekvapen\u00ed. M\u016fj bratr byl toti\u017e velk\u00e9 pot\u00ed\u017eista. Nicm\u00e9n\u011b ale se zlep\u0161il a v dne\u0161n\u00ed dob\u011b u\u017e vlastn\u00ed automobil a taky byt. Vlastn\u00ed sv\u016fj byt. A je v\u00e1\u017en\u011b moc kr\u00e1sn\u00fd a velmi \u00fatuln\u00fd. Se svou man\u017eelkou ho m\u00e1 opravdu kr\u00e1sn\u00fd a design se jim poda\u0159il p\u011bkn\u011b. Ten kr\u00e1sn\u00fd n\u00e1bytek anebo televize. Mus\u00edm \u0159\u00edct, \u017ee mi bratr se opravdu zlep\u0161il. Te\u010f jim hodn\u011b fand\u00edm. Nav\u00edc m\u00e1\u00a0taky\u00a0velk\u00e9\u00a0\u0161t\u011bst\u00ed, \u017ee u\u017e kone\u010dn\u011b na\u0161el svou l\u00e1sku, se kterou si budou u\u017e\u00edvat nov\u00e9ho bytu. Mysl\u00edm, \u017ee mnoho lid\u00ed ani takov\u00e9 \u0161t\u011bst\u00ed nem\u00e1 a mus\u00ed se\u00a0spokojit\u00a0jen s m\u00e1lem.                                                                                                                                                                                                                                                                                                                                                                                        4.1\/5 - (8 votes)        "},{"@context":"https:\/\/schema.org\/","@type":"BreadcrumbList","itemListElement":[{"@type":"ListItem","position":1,"name":"Vlastn\u00ed byt","item":"https:\/\/www.iriscrr.cz\/vlastni-byt\/#breadcrumbitem"}]}]